{"leader":"03130njm1 22005893i 4500","fields":[{"001":"LIG0061466"},{"005":"20251215031738.0"},{"071":{"subfields":[{"a":"2707014                  "},{"c":"Deutsche Grammophon"}],"ind1":"0","ind2":"1"}},{"100":{"subfields":[{"a":"20090427f19621966||||0itac50      ba"}],"ind1":" ","ind2":" "}},{"101":{"subfields":[{"a":"ger"}],"ind1":" ","ind2":" "}},{"102":{"subfields":[{"a":"de"}],"ind1":" ","ind2":" "}},{"126":{"subfields":[{"a":"abb|e||||||||||"},{"b":"|||"}],"ind1":" ","ind2":" "}},{"181":{"subfields":[{"6":"z01"},{"a":"d "},{"b":"bxxa  "}],"ind1":" ","ind2":"1"}},{"182":{"subfields":[{"6":"z01"},{"a":"a"}],"ind1":" ","ind2":"1"}},{"183":{"subfields":[{"6":"z01"},{"a":"sd"},{"2":"RDAcarrier"}],"ind1":" ","ind2":"1"}},{"200":{"subfields":[{"a":"Stabat Mater op. 58"},{"f":"Antonin Dvo\u0159ák"},{"g":"Stefania Woytowicz, Vera Soukupová, Ivo Zidek, Kim Borg"},{"g":" Tschechische Philharmonie Prag"},{"g":"Dirigent: Václav Smetá\u010dek"}],"ind1":"1","ind2":" "}},{"210":{"subfields":[{"a":"[Hamburg]"},{"c":"Deutsche Grammophon"},{"d":"[196.]"}],"ind1":" ","ind2":" "}},{"215":{"subfields":[{"a":"2 dischi sonori"},{"c":"33 1/3 rpm, stereo"},{"d":"30 cm"}],"ind1":" ","ind2":" "}},{"300":{"subfields":[{"a":"Titolo della copertina"}],"ind1":" ","ind2":" "}},{"463":{"subfields":[{"1":"001LIG0061468"},{"1":"2000 "},{"a":"1: Stabat Mater"},{"f":"Dvorak"},{"g":"Tschechischer Sangerchor"},{"g":"Tschechische Philharmonie"},{"g":"V. Smetŕcek [dir.]"}],"ind1":" ","ind2":"1"}},{"463":{"subfields":[{"1":"001LIG0061469"},{"1":"2000 "},{"a":"2: Stabat Mater"},{"f":"Dvorak"},{"g":"Tschechischer Sangerchor"},{"g":"Tschechische Philharmonie"},{"g":"V. Smetŕcek [dir.]"}],"ind1":" ","ind2":"1"}},{"500":{"subfields":[{"a":"Stabat Mater. Soprano, Contralto, Tenore, Basso, Coro, Orchestra, B 71"},{"3":"CMP0297242"},{"9":"LO1V133807"}],"ind1":"1","ind2":"0"}},{"700":{"subfields":[{"a":"Dvo\u0159ák"},{"b":", Antonín"},{"f":" <1841-1904>"},{"3":"LO1V133807"},{"4":"070"}],"ind1":" ","ind2":"1"}},{"702":{"subfields":[{"a":"Soukupová"},{"b":", V\u011bra"},{"3":"CAGV260647"},{"4":"590"}],"ind1":" ","ind2":"1"}},{"702":{"subfields":[{"a":"Smetá\u010dek"},{"b":", Vaclav"},{"3":"LO1V177716"},{"4":"250"}],"ind1":" ","ind2":"1"}},{"702":{"subfields":[{"a":"Woytowicz"},{"b":", Stefania"},{"3":"RAVV424566"},{"4":"590"}],"ind1":" ","ind2":"1"}},{"702":{"subfields":[{"a":"\u017dídek"},{"b":", Ivo"},{"3":"REAV097772"},{"4":"590"}],"ind1":" ","ind2":"1"}},{"702":{"subfields":[{"a":"Borg"},{"b":", Kim"},{"3":"TO0V454571"},{"4":"590"}],"ind1":" ","ind2":"1"}},{"712":{"subfields":[{"a":"Tschechischer Sangerchor"},{"3":"LIGV015965"},{"4":"590"}],"ind1":"0","ind2":"2"}},{"712":{"subfields":[{"a":"\u010ceská Filharmonie"},{"3":"VEAV479358"},{"4":"590"}],"ind1":"0","ind2":"2"}},{"790":{"subfields":[{"a":"Dvo\u0159ŕk"},{"b":", Anton"},{"3":"CFIV211857"},{"z":"Dvo\u0159ák, Antonín <1841-1904>"}],"ind1":" ","ind2":"1"}},{"790":{"subfields":[{"a":"Tähtinen"},{"b":", Hjalmar"},{"3":"UM1V052392"},{"z":"Borg, Kim"}],"ind1":" ","ind2":"1"}},{"791":{"subfields":[{"a":"Czech Philharomonic"},{"3":"BVEV259117"},{"z":"\u010ceská Filharmonie"}],"ind1":"0","ind2":"2"}},{"791":{"subfields":[{"a":"Czech Philharmonic Orchestra"},{"3":"BVEV259119"},{"z":"\u010ceská Filharmonie"}],"ind1":"0","ind2":"2"}},{"791":{"subfields":[{"a":"Prague Philharmonic Orchestra"},{"3":"BVEV259120"},{"z":"\u010ceská Filharmonie"}],"ind1":"0","ind2":"2"}},{"791":{"subfields":[{"a":"Orchestra Filarmonica Boema"},{"3":"BVEV259121"},{"z":"\u010ceská Filharmonie"}],"ind1":"0","ind2":"2"}},{"791":{"subfields":[{"a":"Orchestra filarmonica cecoslovacca"},{"3":"CFIV340361"},{"z":"\u010ceská Filharmonie"}],"ind1":"0","ind2":"2"}},{"791":{"subfields":[{"a":"Czech Philharmonic Orchestra"},{"3":"LO1V327654"},{"z":"\u010ceská Filharmonie"}],"ind1":"0","ind2":"2"}},{"791":{"subfields":[{"a":"Orchestra Filarmonica Ceca"},{"3":"LO1V356579"},{"z":"\u010ceská Filharmonie"}],"ind1":"0","ind2":"2"}},{"791":{"subfields":[{"a":"<<The >>City of Prague Philharmonic Orchestra"},{"3":"LO1V374470"},{"z":"\u010ceská Filharmonie"}],"ind1":"0","ind2":"2"}},{"791":{"subfields":[{"a":"Pra\u017eká Komorní Filharmonie"},{"3":"LO1V401588"},{"z":"\u010ceská Filharmonie"}],"ind1":"0","ind2":"2"}},{"791":{"subfields":[{"a":"<<The >>Prague Philharmonia"},{"3":"LO1V401589"},{"z":"\u010ceská Filharmonie"}],"ind1":"0","ind2":"2"}},{"791":{"subfields":[{"a":"\u010ceská Filharmonie"},{"3":"MODV661195"},{"z":"\u010ceská Filharmonie"}],"ind1":"0","ind2":"2"}},{"791":{"subfields":[{"a":"Orchestra sinfonica di Praga"},{"3":"REAV167031"},{"z":"\u010ceská Filharmonie"}],"ind1":"0","ind2":"2"}},{"791":{"subfields":[{"a":"Tschechische Philharmonie"},{"3":"SBNV099594"},{"z":"\u010ceská Filharmonie"}],"ind1":"0","ind2":"2"}},{"801":{"subfields":[{"a":"IT"},{"b":"IT-000000"},{"c":"20090427"}],"ind1":" ","ind2":"3"}},{"850":{"subfields":[{"a":"IT-SV0021       "}],"ind1":" ","ind2":" "}},{"901":{"subfields":[{"b":"LIG 55"},{"c":"FB        "},{"n":"Il numero di catena, inserito a mano, corrisponde al numero di inventario"}],"ind1":" ","ind2":" "}},{"928":{"subfields":[{"a":"arm "},{"b":">V,Coro,orch"},{"c":"S,A,T,B,Coro,orch"},{"z":"CMP0297242"}],"ind1":" ","ind2":" "}},{"929":{"subfields":[{"b":"58"},{"c":"B 71"},{"d":"1876-1877"},{"g":"Stabat Mater"},{"z":"CMP0297242"}],"ind1":" ","ind2":" "}},{"950":{"subfields":[{"a":"Biblioteca mediateca finalese"},{"c":"2 Lp."},{"d":" 55FB        334"},{"e":" 55LP 0000003345  DFA                       "},{"f":"B "},{"h":"20090427"},{"i":"20090427"}],"ind1":" ","ind2":"1"}},{"977":{"subfields":[{"a":" 55"}],"ind1":" ","ind2":" "}}]}

